{"id":1201,"date":"2021-03-04T11:24:06","date_gmt":"2021-03-04T10:24:06","guid":{"rendered":"http:\/\/le-crabe.fr\/?p=1201"},"modified":"2021-03-10T17:54:57","modified_gmt":"2021-03-10T16:54:57","slug":"linstitut-pour-la-recherche-sur-le-cancer-de-lille-ircl-presente-par-philippe-delannoy","status":"publish","type":"post","link":"https:\/\/le-crabe.fr\/en\/2021\/03\/linstitut-pour-la-recherche-sur-le-cancer-de-lille-ircl-presente-par-philippe-delannoy\/","title":{"rendered":"L\u2019institut pour la recherche sur le cancer de Lille (IRCL) pr\u00e9sent\u00e9 par Philippe Delannoy"},"content":{"rendered":"\n\n\n\n\n[et_pb_section fb_built=\u00a0\u00bb1&Prime; _builder_version=\u00a0\u00bb4.9.0&Prime; _module_preset=\u00a0\u00bbdefault\u00a0\u00bb custom_padding=\u00a0\u00bb0px||2px|||\u00a0\u00bb][et_pb_row column_structure=\u00a0\u00bb3_4,1_4&Prime; _builder_version=\u00a0\u00bb4.9.0&Prime; _module_preset=\u00a0\u00bbdefault\u00a0\u00bb min_height=\u00a0\u00bb159.4px\u00a0\u00bb custom_padding=\u00a0\u00bb30px|||||\u00a0\u00bb][et_pb_column type=\u00a0\u00bb3_4&Prime; _builder_version=\u00a0\u00bb4.9.0&Prime; _module_preset=\u00a0\u00bbdefault\u00a0\u00bb][et_pb_post_title comments=\u00a0\u00bboff\u00a0\u00bb featured_image=\u00a0\u00bboff\u00a0\u00bb _builder_version=\u00a0\u00bb4.9.0&Prime; _module_preset=\u00a0\u00bbdefault\u00a0\u00bb custom_margin=\u00a0\u00bb||8px|||\u00a0\u00bb box_shadow_style=\u00a0\u00bbpreset4&Prime; box_shadow_horizontal=\u00a0\u00bb200px\u00a0\u00bb box_shadow_vertical=\u00a0\u00bb0px\u00a0\u00bb box_shadow_color=\u00a0\u00bb#ffc077&Prime;][\/et_pb_post_title][\/et_pb_column][et_pb_column type=\u00a0\u00bb1_4&Prime; _builder_version=\u00a0\u00bb4.9.0&Prime; _module_preset=\u00a0\u00bbdefault\u00a0\u00bb][\/et_pb_column][\/et_pb_row][et_pb_row _builder_version=\u00a0\u00bb4.9.0&Prime; _module_preset=\u00a0\u00bbdefault\u00a0\u00bb][et_pb_column _builder_version=\u00a0\u00bb4.9.0&Prime; _module_preset=\u00a0\u00bbdefault\u00a0\u00bb type=\u00a0\u00bb4_4&Prime;][et_pb_text _builder_version=\u00a0\u00bb4.9.0&Prime; _module_preset=\u00a0\u00bbdefault\u00a0\u00bb hover_enabled=\u00a0\u00bb0&Prime; sticky_enabled=\u00a0\u00bb0&Prime;]<p style=\"text-align: justify;\"><b>Visite guid\u00e9e de l\u2019IRCL, plus vieil institut de recherche sur le cancer en Europe, en compagnie de son directeur. D\u2019ici \u00e0 l\u2019\u00e9t\u00e9 2022, une nouvelle structure, Oncolille, viendra le renforcer.<\/b><\/p>[\/et_pb_text][\/et_pb_column][\/et_pb_row][et_pb_row _builder_version=\u00a0\u00bb4.9.0&Prime; _module_preset=\u00a0\u00bbdefault\u00a0\u00bb][et_pb_column _builder_version=\u00a0\u00bb4.9.0&Prime; _module_preset=\u00a0\u00bbdefault\u00a0\u00bb type=\u00a0\u00bb4_4&Prime;][et_pb_video src=\u00a0\u00bbhttps:\/\/www.youtube.com\/watch?v=7Y_zQJEMQ1o\u00a0\u00bb _builder_version=\u00a0\u00bb4.9.0&Prime; _module_preset=\u00a0\u00bbdefault\u00a0\u00bb hover_enabled=\u00a0\u00bb0&Prime; sticky_enabled=\u00a0\u00bb0&Prime;][\/et_pb_video][\/et_pb_column][\/et_pb_row][et_pb_row _builder_version=\u00a0\u00bb4.9.0&Prime; _module_preset=\u00a0\u00bbdefault\u00a0\u00bb][et_pb_column _builder_version=\u00a0\u00bb4.9.0&Prime; _module_preset=\u00a0\u00bbdefault\u00a0\u00bb type=\u00a0\u00bb4_4&Prime;][et_pb_text _builder_version=\u00a0\u00bb4.9.0&Prime; _module_preset=\u00a0\u00bbdefault\u00a0\u00bb hover_enabled=\u00a0\u00bb0&Prime; sticky_enabled=\u00a0\u00bb0&Prime;]<p style=\"text-align: justify;\"><strong>Pr\u00e9sentation de Philippe Delannoy<\/strong><\/p>\n<p style=\"text-align: justify;\"><span style=\"font-weight: 400;\">Professeur de biochimie cellulaire \u00e0 l\u2019Universit\u00e9 de Lille et directeur de l\u2019IRCL, Philippe Delannoy a d\u00e9but\u00e9 sa carri\u00e8re apr\u00e8s avoir valid\u00e9 l\u2019\u00e9quivalent du niveau master en biochimie, \u00e0 Villeneuve d\u2019Ascq. Il a ensuite poursuivi ses \u00e9tudes avec une th\u00e8se de biochimie dans un laboratoire sp\u00e9cialis\u00e9 dans la glycobiologie, un domaine qui s\u2019int\u00e9resse au r\u00f4le des sucres dans la biologie cellulaire. Par la suite, Philippe Delannoy a \u00e9t\u00e9 recrut\u00e9 comme assistant \u00e0 l\u2019universit\u00e9 puis est devenu ma\u00eetre de conf\u00e9rence et professeur en 1995, apr\u00e8s avoir valid\u00e9 une th\u00e8se d\u2019<\/span><span style=\"font-weight: 400;\">\u00c9<\/span><span style=\"font-weight: 400;\">tat.<\/span><\/p>\n<p style=\"text-align: justify;\"><span style=\"font-weight: 400;\">En 1994, il forme sa propre \u00e9quipe de recherche sur les antig\u00e8nes glucidiques associ\u00e9s aux tumeurs puis il cr\u00e9e, l\u2019ann\u00e9e suivante, un groupe de recherche du centre national de la recherche scientifique (CNRS) rassemblant dix laboratoires. Pendant quarante ans, le professeur Delannoy a travaill\u00e9 sur la relation entre les cellules tumorales et les antig\u00e8nes glucidiques, notamment dans le cadre du cancer du sein. Le professeur est ensuite devenu responsable du master recherche en biologie et sant\u00e9 ainsi que co-directeur de l\u2019\u00e9cole doctorale Biologie &#8211; Sant\u00e9 de Lille. Il est maintenant \u00e0 la t\u00eate de la direction de l\u2019IRCL depuis mai 2019.<\/span><\/p>\n<p><i><span style=\"font-weight: 400;\"><\/span><\/i><\/p>[\/et_pb_text][\/et_pb_column][\/et_pb_row][\/et_pb_section]\n\n\n\n\n","protected":false},"excerpt":{"rendered":"<p>Visite guid\u00e9e de l\u2019IRCL, plus vieil institut de recherche sur le cancer en Europe, en compagnie de son directeur. D\u2019ici \u00e0 l\u2019\u00e9t\u00e9 2022, une nouvelle structure, Oncolille, viendra le renforcer.Pr\u00e9sentation de Philippe Delannoy Professeur de biochimie cellulaire \u00e0 l\u2019Universit\u00e9 de Lille et directeur de l\u2019IRCL, Philippe Delannoy a d\u00e9but\u00e9 sa carri\u00e8re apr\u00e8s avoir valid\u00e9 l\u2019\u00e9quivalent [&hellip;]<\/p>\n","protected":false},"author":7,"featured_media":1230,"comment_status":"closed","ping_status":"open","sticky":false,"template":"","format":"standard","meta":{"_et_pb_use_builder":"on","_et_pb_old_content":"","_et_gb_content_width":"","footnotes":""},"categories":[32,33],"tags":[54,46],"class_list":["post-1201","post","type-post","status-publish","format-standard","has-post-thumbnail","hentry","category-planete_crabe","category-sous_la_carapace","tag-cancer","tag-ircl"],"_links":{"self":[{"href":"https:\/\/le-crabe.fr\/en\/wp-json\/wp\/v2\/posts\/1201","targetHints":{"allow":["GET"]}}],"collection":[{"href":"https:\/\/le-crabe.fr\/en\/wp-json\/wp\/v2\/posts"}],"about":[{"href":"https:\/\/le-crabe.fr\/en\/wp-json\/wp\/v2\/types\/post"}],"author":[{"embeddable":true,"href":"https:\/\/le-crabe.fr\/en\/wp-json\/wp\/v2\/users\/7"}],"replies":[{"embeddable":true,"href":"https:\/\/le-crabe.fr\/en\/wp-json\/wp\/v2\/comments?post=1201"}],"version-history":[{"count":7,"href":"https:\/\/le-crabe.fr\/en\/wp-json\/wp\/v2\/posts\/1201\/revisions"}],"predecessor-version":[{"id":1231,"href":"https:\/\/le-crabe.fr\/en\/wp-json\/wp\/v2\/posts\/1201\/revisions\/1231"}],"wp:featuredmedia":[{"embeddable":true,"href":"https:\/\/le-crabe.fr\/en\/wp-json\/wp\/v2\/media\/1230"}],"wp:attachment":[{"href":"https:\/\/le-crabe.fr\/en\/wp-json\/wp\/v2\/media?parent=1201"}],"wp:term":[{"taxonomy":"category","embeddable":true,"href":"https:\/\/le-crabe.fr\/en\/wp-json\/wp\/v2\/categories?post=1201"},{"taxonomy":"post_tag","embeddable":true,"href":"https:\/\/le-crabe.fr\/en\/wp-json\/wp\/v2\/tags?post=1201"}],"curies":[{"name":"wp","href":"https:\/\/api.w.org\/{rel}","templated":true}]}}