{"id":1390,"date":"2021-03-08T19:20:31","date_gmt":"2021-03-08T18:20:31","guid":{"rendered":"http:\/\/le-crabe.fr\/?p=1390"},"modified":"2021-04-02T19:22:36","modified_gmt":"2021-04-02T17:22:36","slug":"__trashed-16","status":"publish","type":"post","link":"https:\/\/le-crabe.fr\/en\/2021\/03\/__trashed-16\/","title":{"rendered":"AMARAPE et RENAPE : Une collaboration contre les maladies rares du p\u00e9ritoine"},"content":{"rendered":"<p>[et_pb_section fb_built=\u00a0\u00bb1&Prime; _builder_version=\u00a0\u00bb4.9.0&Prime; _module_preset=\u00a0\u00bbdefault\u00a0\u00bb custom_padding=\u00a0\u00bb0px||2px|||\u00a0\u00bb][et_pb_row column_structure=\u00a0\u00bb3_4,1_4&Prime; _builder_version=\u00a0\u00bb4.9.0&Prime; _module_preset=\u00a0\u00bbdefault\u00a0\u00bb min_height=\u00a0\u00bb161.4px\u00a0\u00bb custom_padding=\u00a0\u00bb30px|||||\u00a0\u00bb][et_pb_column type=\u00a0\u00bb3_4&Prime; _builder_version=\u00a0\u00bb4.9.0&Prime; _module_preset=\u00a0\u00bbdefault\u00a0\u00bb][et_pb_post_title comments=\u00a0\u00bboff\u00a0\u00bb featured_image=\u00a0\u00bboff\u00a0\u00bb _builder_version=\u00a0\u00bb4.9.0&Prime; _module_preset=\u00a0\u00bbdefault\u00a0\u00bb custom_margin=\u00a0\u00bb||8px|||\u00a0\u00bb box_shadow_style=\u00a0\u00bbpreset4&Prime; box_shadow_horizontal=\u00a0\u00bb200px\u00a0\u00bb box_shadow_vertical=\u00a0\u00bb0px\u00a0\u00bb box_shadow_color=\u00a0\u00bb#ffc077&Prime;][\/et_pb_post_title][\/et_pb_column][et_pb_column type=\u00a0\u00bb1_4&Prime; _builder_version=\u00a0\u00bb4.9.0&Prime; _module_preset=\u00a0\u00bbdefault\u00a0\u00bb][\/et_pb_column][\/et_pb_row][\/et_pb_section][et_pb_section fb_built=\u00a0\u00bb1&Prime; _builder_version=\u00a0\u00bb4.9.0&Prime; _module_preset=\u00a0\u00bbdefault\u00a0\u00bb custom_margin=\u00a0\u00bb-3px|||||\u00a0\u00bb custom_padding=\u00a0\u00bb0px||0px|||\u00a0\u00bb][et_pb_row _builder_version=\u00a0\u00bb4.9.0&Prime; _module_preset=\u00a0\u00bbdefault\u00a0\u00bb][et_pb_column type=\u00a0\u00bb4_4&Prime; _builder_version=\u00a0\u00bb4.9.0&Prime; _module_preset=\u00a0\u00bbdefault\u00a0\u00bb][et_pb_text _builder_version=\u00a0\u00bb4.9.0&Prime; _module_preset=\u00a0\u00bbdefault\u00a0\u00bb hover_enabled=\u00a0\u00bb0&Prime; sticky_enabled=\u00a0\u00bb0&Prime;]<\/p>\n<p style=\"text-align: justify;\"><b style=\"font-size: 14px; text-align: justify;\">Les cancers du p\u00e9ritoine sont des maladies rares, peu connues du grand public et du monde m\u00e9dical. Confront\u00e9e au manque d\u2019information sur ces tumeurs, Patricia Pichon a co-cr\u00e9\u00e9 l\u2019association AMARAPE. A ses c\u00f4t\u00e9s, le r\u00e9seau RENAPE organise le traitement de ces maladies dans toute la France, sous la coordination de Laurent Villeneuve. Entretien crois\u00e9.<\/b><\/p>\n<p>[\/et_pb_text][\/et_pb_column][\/et_pb_row][\/et_pb_section][et_pb_section fb_built=\u00a0\u00bb1&Prime; _builder_version=\u00a0\u00bb4.9.0&Prime; _module_preset=\u00a0\u00bbdefault\u00a0\u00bb custom_margin=\u00a0\u00bb||-74px|||\u00a0\u00bb custom_padding=\u00a0\u00bb0px|||||\u00a0\u00bb][et_pb_row column_structure=\u00a0\u00bb1_2,1_2&Prime; _builder_version=\u00a0\u00bb4.9.0&Prime; _module_preset=\u00a0\u00bbdefault\u00a0\u00bb min_height=\u00a0\u00bb319px\u00a0\u00bb][et_pb_column type=\u00a0\u00bb1_2&Prime; _builder_version=\u00a0\u00bb4.9.0&Prime; _module_preset=\u00a0\u00bbdefault\u00a0\u00bb][et_pb_image src=\u00a0\u00bbhttp:\/\/le-crabe.fr\/wp-content\/uploads\/2021\/03\/PatriciaPICHON.jpg\u00a0\u00bb title_text=\u00a0\u00bbPatriciaPICHON\u00a0\u00bb _builder_version=\u00a0\u00bb4.9.0&Prime; _module_preset=\u00a0\u00bbdefault\u00a0\u00bb][\/et_pb_image][\/et_pb_column][et_pb_column type=\u00a0\u00bb1_2&Prime; _builder_version=\u00a0\u00bb4.9.0&Prime; _module_preset=\u00a0\u00bbdefault\u00a0\u00bb][et_pb_image src=\u00a0\u00bbhttp:\/\/le-crabe.fr\/wp-content\/uploads\/2021\/03\/photo-laurent-villeneuve-carre-1.jpg\u00a0\u00bb title_text=\u00a0\u00bbphoto laurent villeneuve carr\u00e9\u00a0\u00bb _builder_version=\u00a0\u00bb4.9.0&Prime; _module_preset=\u00a0\u00bbdefault\u00a0\u00bb custom_margin=\u00a0\u00bb||6px|||\u00a0\u00bb][\/et_pb_image][\/et_pb_column][\/et_pb_row][et_pb_row column_structure=\u00a0\u00bb1_2,1_2&Prime; _builder_version=\u00a0\u00bb4.9.0&Prime; _module_preset=\u00a0\u00bbdefault\u00a0\u00bb][et_pb_column type=\u00a0\u00bb1_2&Prime; _builder_version=\u00a0\u00bb4.9.0&Prime; _module_preset=\u00a0\u00bbdefault\u00a0\u00bb][et_pb_text _builder_version=\u00a0\u00bb4.9.0&Prime; _module_preset=\u00a0\u00bbdefault\u00a0\u00bb]<\/p>\n<p><em>Patricia Pichon, co-fondatrice d&rsquo;AMARAPE<\/em><\/p>\n<p>[\/et_pb_text][\/et_pb_column][et_pb_column type=\u00a0\u00bb1_2&Prime; _builder_version=\u00a0\u00bb4.9.0&Prime; _module_preset=\u00a0\u00bbdefault\u00a0\u00bb][et_pb_text _builder_version=\u00a0\u00bb4.9.0&Prime; _module_preset=\u00a0\u00bbdefault\u00a0\u00bb]<\/p>\n<p><em>Laurent Villeneuve, coordinateur de Renape<\/em><\/p>\n<p>[\/et_pb_text][\/et_pb_column][\/et_pb_row][\/et_pb_section][et_pb_section fb_built=\u00a0\u00bb1&Prime; _builder_version=\u00a0\u00bb4.9.0&Prime; _module_preset=\u00a0\u00bbdefault\u00a0\u00bb custom_padding=\u00a0\u00bb||0px|||\u00a0\u00bb][et_pb_row column_structure=\u00a0\u00bb1_2,1_2&Prime; _builder_version=\u00a0\u00bb4.9.0&Prime; _module_preset=\u00a0\u00bbdefault\u00a0\u00bb][et_pb_column type=\u00a0\u00bb1_2&Prime; _builder_version=\u00a0\u00bb4.9.0&Prime; _module_preset=\u00a0\u00bbdefault\u00a0\u00bb][et_pb_text _builder_version=\u00a0\u00bb4.9.0&Prime; _module_preset=\u00a0\u00bbdefault\u00a0\u00bb]<\/p>\n<p style=\"text-align: justify\"><b>Quel est le constat qui vous a pouss\u00e9 \u00e0 cr\u00e9er AMARAPE et RENAPE ?\u00a0<\/b><\/p>\n<p style=\"text-align: justify\"><span style=\"font-weight: 400\">\u00a0<\/span><\/p>\n<p style=\"text-align: justify\"><span style=\"font-weight: 400\">Patricia Pichon : Nous avons cr\u00e9\u00e9 l&rsquo;association avec deux autres patientes, parce que nous \u00e9tions directement concern\u00e9es par ces maladies. Nous avons \u00e9t\u00e9 prises en charge par des centres sp\u00e9cialis\u00e9s, mais il y a eu des errances diagnostiques. Les informations disponibles \u00e9taient parcellaires, anxiog\u00e8nes, pas forc\u00e9ment v\u00e9rifi\u00e9es scientifiquement\u2026 On voulait faciliter l\u2019acc\u00e8s aux informations et aux soins sp\u00e9cialis\u00e9s, et \u00e9viter aux patients d&rsquo;avoir un parcours un peu chaotique avant d&rsquo;avoir un traitement.<\/span><\/p>\n<p style=\"text-align: justify\"><span style=\"font-weight: 400\">Laurent Villeneuve : Dans les ann\u00e9es 1990, il y avait deux centres qui s&rsquo;int\u00e9ressaient au cancer du p\u00e9ritoine : Lyon-Sud et l&rsquo;Institut Gustave Roussy. Une nouvelle technologie de chimioth\u00e9rapie a vu le jour. Les maladies du p\u00e9ritoine ont une \u00e9volution locor\u00e9gionale, c&rsquo;est-\u00e0-dire uniquement dans l&rsquo;abdomen, alors le professeur Fran\u00e7ois-No\u00ebl Gilly a d\u00e9velopp\u00e9 la chimioth\u00e9rapie intrap\u00e9riton\u00e9ale, qui ne passe pas par la voie sanguine. Cette chimioth\u00e9rapie est chauff\u00e9e, on l&rsquo;appelle donc la CHIP :\u00a0 chimioth\u00e9rapie intrap\u00e9riton\u00e9ale hyperthermique. Cette technologie s&rsquo;est d\u00e9velopp\u00e9e dans diff\u00e9rents centres en France, on a commenc\u00e9 \u00e0 d\u00e9velopper un r\u00e9seau. RENAPE est n\u00e9 un peu plus officiellement gr\u00e2ce au plan Cancer mont\u00e9 par l&rsquo;Institut national du cancer (INCa), et qui pr\u00e9sentait un appel \u00e0 candidatures en 2009. Lyon-Sud a candidat\u00e9, le dossier a \u00e9t\u00e9 retenu. Avant cela, c&rsquo;\u00e9tait un \u00ab\u00a0groupe de chippeurs\u00a0\u00bb, des chirurgiens amis, mais rien n&rsquo;\u00e9tait formalis\u00e9.\u00a0<\/span><\/p>\n<p style=\"text-align: justify\"><span style=\"font-weight: 400\"><\/span><\/p>\n<p style=\"text-align: justify\"><span style=\"font-weight: 400\"><\/span><\/p>\n<p>[\/et_pb_text][\/et_pb_column][et_pb_column type=\u00a0\u00bb1_2&Prime; _builder_version=\u00a0\u00bb4.9.0&Prime; _module_preset=\u00a0\u00bbdefault\u00a0\u00bb][et_pb_accordion _builder_version=\u00a0\u00bb4.9.0&Prime; _module_preset=\u00a0\u00bbdefault\u00a0\u00bb][et_pb_accordion_item title=\u00a0\u00bbAmarape\u00a0\u00bb open=\u00a0\u00bbon\u00a0\u00bb _builder_version=\u00a0\u00bb4.9.0&Prime; _module_preset=\u00a0\u00bbdefault\u00a0\u00bb border_color_all=\u00a0\u00bb#E09900&Prime; toggle_text_color=\u00a0\u00bb#E09900&Prime; toggle_font=\u00a0\u00bb|||on|||||\u00a0\u00bb]<\/p>\n<p><span style=\"font-weight: 400\">Association contre les maladies rares du p\u00e9ritoine\u00a0<\/span><\/p>\n<p><span style=\"font-weight: 400\">Date de cr\u00e9ation : 2007\u00a0<\/span><\/p>\n<p><span style=\"font-weight: 400\">Missions : Faciliter l\u2019acc\u00e8s \u00e0 l\u2019information sur les maladies rares du p\u00e9ritoine, accompagner les patients et leurs proches, mettre \u00e0 leur disposition une ligne d\u2019\u00e9coute pour discuter avec d\u2019anciens patients, financer la recherche.<\/span><\/p>\n<p><span style=\"font-weight: 400\">\u00a0Site internet : <\/span><a href=\"http:\/\/www.amarape.com\/\"><span style=\"font-weight: 400\">http:\/\/www.amarape.com\/<\/span><\/a><\/p>\n<p>[\/et_pb_accordion_item][\/et_pb_accordion][et_pb_accordion _builder_version=\u00a0\u00bb4.9.0&Prime; _module_preset=\u00a0\u00bbdefault\u00a0\u00bb][et_pb_accordion_item title=\u00a0\u00bbRenape \u00a0\u00bb open=\u00a0\u00bbon\u00a0\u00bb _builder_version=\u00a0\u00bb4.9.0&Prime; _module_preset=\u00a0\u00bbdefault\u00a0\u00bb border_color_all=\u00a0\u00bb#E09900&Prime; toggle_text_color=\u00a0\u00bb#E09900&Prime; toggle_font=\u00a0\u00bb|||on|||||\u00a0\u00bb]<\/p>\n<p style=\"text-align: justify\"><span style=\"font-weight: 400\">R\u00e9seau national de prise en charge des tumeurs rares du p\u00e9ritoine\u00a0<\/span><\/p>\n<p style=\"text-align: justify\"><span style=\"font-weight: 400\">Date de cr\u00e9ation : 2009\u00a0<\/span><\/p>\n<p style=\"text-align: justify\"><span style=\"font-weight: 400\">Regroupe 2 centres experts cliniques, 6 centres de comp\u00e9tences, 21 structures sp\u00e9cialis\u00e9es rattach\u00e9es sur l\u2019ensemble du territoire fran\u00e7ais.\u00a0<\/span><\/p>\n<p style=\"text-align: justify\"><span style=\"font-weight: 400\">Missions : Organiser l\u2019acc\u00e8s au diagnostic et aux soins des maladies rares du p\u00e9ritoine, mettre en place des r\u00e9unions de concertation multidisciplinaires, promouvoir la recherche et am\u00e9liorer la connaissance de ces maladies.\u00a0<\/span><\/p>\n<p style=\"text-align: justify\"><span style=\"font-weight: 400\">Site internet : <\/span><a href=\"http:\/\/www.renape-online.fr\/\"><span style=\"font-weight: 400\">http:\/\/www.renape-online.fr\/<\/span><\/a><\/p>\n<p>[\/et_pb_accordion_item][\/et_pb_accordion][\/et_pb_column][\/et_pb_row][et_pb_row _builder_version=\u00a0\u00bb4.9.0&Prime; _module_preset=\u00a0\u00bbdefault\u00a0\u00bb][et_pb_column type=\u00a0\u00bb4_4&Prime; _builder_version=\u00a0\u00bb4.9.0&Prime; _module_preset=\u00a0\u00bbdefault\u00a0\u00bb][et_pb_text _builder_version=\u00a0\u00bb4.9.0&Prime; _module_preset=\u00a0\u00bbdefault\u00a0\u00bb]<\/p>\n<p style=\"text-align: justify\"><b>Comment se passe l&rsquo;accueil des patients et de leurs proches par AMARAPE ?<\/b><\/p>\n<p style=\"text-align: justify\"><span style=\"font-size: 14px\">PP : Les patients qui prennent contact avec nous sont soit des personnes d\u00e9j\u00e0 diagnostiqu\u00e9es, soit des personnes en attente d&rsquo;un diagnostic. Elles cherchent \u00e0 \u00eatre inform\u00e9es, rassur\u00e9es, accompagn\u00e9es. Le contexte qui entoure ces maladies est particuli\u00e8rement anxiog\u00e8ne, les patients ne connaissent pas la CHIP. On met aussi \u00e0 disposition une \u00e9coute : des adh\u00e9rents et des b\u00e9n\u00e9voles sont form\u00e9s par l&rsquo;Alliance Maladies rares. La raret\u00e9 de ces maladies est difficile \u00e0 g\u00e9rer : on se sent seul, isol\u00e9, donc on cherche des personnes qui ont eu la m\u00eame pathologie. Ces anciens patients peuvent les aider et les rassurer sur le suivi de la maladie qui est long, il y a beaucoup d&rsquo;examens. Les patients sont inquiets \u00e0 chaque contr\u00f4le, mais la maladie est sournoise, il n&rsquo;y a pas toujours de sympt\u00f4mes, alors ils sont n\u00e9cessaires.\u00a0<\/span><\/p>\n<p style=\"text-align: justify\"><span style=\"font-weight: 400\">\u00a0<\/span><span style=\"font-size: 14px\">Il n&rsquo;y a pas d&rsquo;accueil des familles en tant que tel par AMARAPE, mais nous avons mis en place une salle des familles \u00e0 Lyon-Sud par exemple. Les proches peuvent s&rsquo;y rendre lorsque les patients sont hospitalis\u00e9s plusieurs jours. \u00c7a permet aux familles de se retrouver, d&rsquo;\u00e9changer avec des psys, des assistantes sociales, pour aborder les probl\u00e9matiques du retour \u00e0 la maison : les patients ne sont pas toujours autonomes apr\u00e8s l&rsquo;hospitalisation, donc ils ont besoin d&rsquo;aide et de conseils. Ils se posent parfois des questions sur l&rsquo;administratif, le droit \u00e0 l&rsquo;oubli par exemple, ou le retour \u00e0 la vie professionnelle s&rsquo;il faut un r\u00e9am\u00e9nagement, une retraite anticip\u00e9e.\u00a0<\/span><\/p>\n<p>[\/et_pb_text][\/et_pb_column][\/et_pb_row][et_pb_row column_structure=\u00a0\u00bb1_2,1_2&Prime; _builder_version=\u00a0\u00bb4.9.0&Prime; _module_preset=\u00a0\u00bbdefault\u00a0\u00bb][et_pb_column type=\u00a0\u00bb1_2&Prime; _builder_version=\u00a0\u00bb4.9.0&Prime; _module_preset=\u00a0\u00bbdefault\u00a0\u00bb][et_pb_image src=\u00a0\u00bbhttp:\/\/le-crabe.fr\/wp-content\/uploads\/2021\/03\/salle-des-familles.jpg\u00a0\u00bb title_text=\u00a0\u00bbsalle-des-familles\u00a0\u00bb _builder_version=\u00a0\u00bb4.9.0&Prime; _module_preset=\u00a0\u00bbdefault\u00a0\u00bb transform_scale=\u00a0\u00bb82%|82%\u00a0\u00bb transform_translate=\u00a0\u00bb53px|-47px\u00a0\u00bb max_height=\u00a0\u00bb843px\u00a0\u00bb][\/et_pb_image][\/et_pb_column][et_pb_column type=\u00a0\u00bb1_2&Prime; _builder_version=\u00a0\u00bb4.9.0&Prime; _module_preset=\u00a0\u00bbdefault\u00a0\u00bb][et_pb_image src=\u00a0\u00bbhttp:\/\/le-crabe.fr\/wp-content\/uploads\/2021\/03\/Photo-salon-des-familles-AMARAPE-scaled.jpg\u00a0\u00bb title_text=\u00a0\u00bbPhoto salon des familles AMARAPE\u00a0\u00bb _builder_version=\u00a0\u00bb4.9.0&Prime; _module_preset=\u00a0\u00bbdefault\u00a0\u00bb][\/et_pb_image][\/et_pb_column][\/et_pb_row][et_pb_row _builder_version=\u00a0\u00bb4.9.0&Prime; _module_preset=\u00a0\u00bbdefault\u00a0\u00bb][et_pb_column type=\u00a0\u00bb4_4&Prime; _builder_version=\u00a0\u00bb4.9.0&Prime; _module_preset=\u00a0\u00bbdefault\u00a0\u00bb][et_pb_testimonial author=\u00a0\u00bbPatricia Pichon \u00a0\u00bb portrait_url=\u00a0\u00bbhttp:\/\/le-crabe.fr\/wp-content\/uploads\/2021\/03\/PatriciaPICHON.jpg\u00a0\u00bb quote_icon_color=\u00a0\u00bb#E09900&Prime; _builder_version=\u00a0\u00bb4.9.0&Prime; _module_preset=\u00a0\u00bbdefault\u00a0\u00bb author_text_color=\u00a0\u00bb#E09900&Prime; background_color=\u00a0\u00bb#FFFFFF\u00a0\u00bb border_color_all_portrait=\u00a0\u00bb#FFFFFF\u00a0\u00bb]<\/p>\n<p style=\"text-align: justify\">Nous avons mis en place une salle des familles \u00e0 Lyon-Sud. Les proches peuvent s&rsquo;y rendre lorsque les patients sont hospitalis\u00e9s plusieurs jours.\u00a0<\/p>\n<p>[\/et_pb_testimonial][\/et_pb_column][\/et_pb_row][\/et_pb_section][et_pb_section fb_built=\u00a0\u00bb1&Prime; _builder_version=\u00a0\u00bb4.9.0&Prime; _module_preset=\u00a0\u00bbdefault\u00a0\u00bb custom_padding=\u00a0\u00bb0px|||||\u00a0\u00bb][et_pb_row _builder_version=\u00a0\u00bb4.9.0&Prime; _module_preset=\u00a0\u00bbdefault\u00a0\u00bb][et_pb_column type=\u00a0\u00bb4_4&Prime; _builder_version=\u00a0\u00bb4.9.0&Prime; _module_preset=\u00a0\u00bbdefault\u00a0\u00bb][et_pb_text _builder_version=\u00a0\u00bb4.9.0&Prime; _module_preset=\u00a0\u00bbdefault\u00a0\u00bb]<\/p>\n<p style=\"text-align: justify\"><b>La raret\u00e9 de la maladie est-elle un obstacle \u00e0 la cr\u00e9ation d\u2019une communaut\u00e9 de patients et \u00e0 la recherche ?<\/b><\/p>\n<p style=\"text-align: justify\"><span style=\"font-weight: 400\">PP : On ne peut pas vraiment parler de communaut\u00e9, \u00e0 cause de la raret\u00e9 de la maladie. En plus, le contact avec l&rsquo;association se passe surtout par t\u00e9l\u00e9phone. Les patients se concentrent sur leurs propres difficult\u00e9s. Certains, lorsqu&rsquo;ils peuvent reprendre leur vie normale, mettent la maladie de c\u00f4t\u00e9. D&rsquo;autres continuent de soutenir l&rsquo;association, s&rsquo;engagent et deviennent b\u00e9n\u00e9voles.\u00a0<\/span><\/p>\n<p style=\"text-align: justify\"><span style=\"font-weight: 400\">LV : La raret\u00e9 pose deux probl\u00e8mes. D&rsquo;abord pour conna\u00eetre la maladie : il faudrait des dizaines voire des centaines de cas pour avoir une v\u00e9ritable repr\u00e9sentativit\u00e9. Ensuite, pour proposer des traitements exp\u00e9rimentaux : pour valider un nouveau traitement, il faut r\u00e9aliser des essais cliniques. La m\u00e9thode \u00e0 appliquer est tr\u00e8s bien lorsqu&rsquo;il y a des milliers de cas, mais elle est moins adapt\u00e9e pour les maladies rares. \u00c7a nous prendrait dix ans pour tester un traitement, alors qu&rsquo;entre-temps de nouvelles technologies se seraient d\u00e9velopp\u00e9es. \u00c7a nous pousse \u00e0 innover. En plus, le traitement de r\u00e9f\u00e9rence actuel de la maladie est une chirurgie. Donc ce n&rsquo;est pas possible de faire des placebos : on ne va pas ouvrir et refermer un ventre sans rien y faire.<\/span><\/p>\n<p style=\"text-align: justify\"><span style=\"font-weight: 400\">\u00a0\u00a0<\/span><\/p>\n<p style=\"text-align: justify\"><b>Les patients sont-ils directement mis en contact avec AMARAPE et RENAPE lorsqu\u2019ils sont diagnostiqu\u00e9s ?<\/b><\/p>\n<p style=\"text-align: justify\"><span style=\"font-weight: 400\">LV : Les patients arrivent \u00e0 RENAPE de mani\u00e8re tr\u00e8s variable. Soit le patient est dans un centre p\u00e9riph\u00e9rique, hors du r\u00e9seau, et son m\u00e9decin a eu vent de RENAPE et a le r\u00e9flexe de le r\u00e9orienter pour qu\u2019il soit rapidement pris en charge. Malheureusement, des patients passent par un centre p\u00e9riph\u00e9rique, puis un deuxi\u00e8me, un troisi\u00e8me, et arrivent \u00e0 RENAPE \u00ab\u00a0trop tard\u00a0\u00bb, la maladie est d\u00e9j\u00e0 bien avanc\u00e9e. Ce n&rsquo;est pas termin\u00e9, mais c&rsquo;est plus difficile \u00e0 traiter. L&rsquo;objectif, c&rsquo;est que le patient soit orient\u00e9 vers RENAPE d\u00e8s qu&rsquo;il y a une suspicion, le plus t\u00f4t possible et dans le centre le plus proche possible.\u00a0<\/span><\/p>\n<p style=\"text-align: justify\"><span style=\"font-weight: 400\">PP : Les exemples de parcours sont extr\u00eamement variables. Parfois des m\u00e9decins g\u00e9n\u00e9ralistes plus curieux que d&rsquo;autres se r\u00e9f\u00e8rent \u00e0 Maladies rares info service. L\u00e0, AMARAPE et RENAPE sont rep\u00e9r\u00e9s et mis en relation avec le patient. On souhaiterait que les m\u00e9decins acceptent d&rsquo;\u00eatre dans le doute, il ne peuvent pas conna\u00eetre toutes les maladies, alors il faut qu&rsquo;ils connaissent les plateformes de maladies rares. En ce qui concerne AMARAPE, il y a des d\u00e9pliants de l\u2019association dans tous les centres sp\u00e9cialis\u00e9s. Les m\u00e9decins, les chirurgiens qui pratiquent les interventions nous connaissent et parfois sugg\u00e8rent aux patients de s&rsquo;adresser \u00e0 nous s&rsquo;ils semblent angoiss\u00e9s, inquiets.<\/span><\/p>\n<p style=\"text-align: justify\"><span style=\"font-weight: 400\">\u00a0<\/span><\/p>\n<p style=\"text-align: justify\"><b>Comment se passe la coop\u00e9ration entre AMARAPE et RENAPE ? Qu&rsquo;en retirez-vous?<\/b><\/p>\n<p style=\"text-align: justify\"><span style=\"font-weight: 400\">PP : On \u00e9change beaucoup. On a besoin des connaissances de RENAPE pour faire valider la pertinence de nos actions, et les m\u00e9decins ont besoin de nous pour faire reconna\u00eetre les leurs. On a besoin les uns des autres. AMARAPE est une association reconnue, elle apporte le point de vue des patients et de leurs proches, tandis que RENAPE apporte le point de vue scientifique, la validation, et la prise en charge adapt\u00e9e. L&rsquo;association participe \u00e0 la validation de la CHIP et de la chirurgie de cytor\u00e9duction, en portant la voix des malades aupr\u00e8s de la Haute autorit\u00e9 de sant\u00e9 (HAS). Et nos informations sont valid\u00e9es scientifiquement gr\u00e2ce \u00e0 RENAPE.<\/span><\/p>\n<p style=\"text-align: justify\"><span style=\"font-weight: 400\">LV : Ce couple permet de porter les points de vue des deux c\u00f4t\u00e9s. Cette double-vision est tr\u00e8s utile, et tr\u00e8s recherch\u00e9e. Les instances, les tutelles et le minist\u00e8re s&rsquo;y int\u00e9ressent par rapport \u00e0 la prise en charge des patients, et des groupes scientifiques internationaux recherchent notre expertise, notre anciennet\u00e9, pour mettre en place des centres et des associations similaires. C&rsquo;est vraiment une force qu&rsquo;on met en avant.<\/span><\/p>\n<p>[\/et_pb_text][\/et_pb_column][\/et_pb_row][et_pb_row _builder_version=\u00a0\u00bb4.9.0&Prime; _module_preset=\u00a0\u00bbdefault\u00a0\u00bb][et_pb_column type=\u00a0\u00bb4_4&Prime; _builder_version=\u00a0\u00bb4.9.0&Prime; _module_preset=\u00a0\u00bbdefault\u00a0\u00bb][et_pb_accordion _builder_version=\u00a0\u00bb4.9.0&Prime; _module_preset=\u00a0\u00bbdefault\u00a0\u00bb toggle_font=\u00a0\u00bb|||on|||||\u00a0\u00bb][et_pb_accordion_item title=\u00a0\u00bbLes maladies rares du p\u00e9ritoine \u00a0\u00bb open=\u00a0\u00bbon\u00a0\u00bb _builder_version=\u00a0\u00bb4.9.0&Prime; _module_preset=\u00a0\u00bbdefault\u00a0\u00bb border_color_all=\u00a0\u00bb#E09900&Prime; toggle_text_color=\u00a0\u00bb#E09900&Prime;]<\/p>\n<p style=\"text-align: justify\"><span style=\"font-weight: 400\">Le p\u00e9ritoine est une membrane tapissant les visc\u00e8res, la paroi abdominale et le petit bassin. Diff\u00e9rentes maladies rares peuvent toucher cette partie du corps, sans que leur cause ait \u00e9t\u00e9 formellement identifi\u00e9e. On \u00e9value \u00e0 plus ou moins 200 le nombre de nouveaux cas diagnostiqu\u00e9s chaque ann\u00e9e. Depuis que la chirurgie de cytor\u00e9duction &#8211; qui enl\u00e8ve la tumeur visible &#8211; et la chimioth\u00e9rapie intrap\u00e9riton\u00e9ale hyperthermique (CHIP) &#8211; qui enl\u00e8ve la tumeur invisible &#8211; sont devenus le traitement de r\u00e9f\u00e9rence, le pronostic s\u2019est nettement am\u00e9lior\u00e9 pour les patients, passant de moins d\u2019un an \u00e0 60 mois environ. <\/span><\/p>\n<p>[\/et_pb_accordion_item][\/et_pb_accordion][\/et_pb_column][\/et_pb_row][et_pb_row _builder_version=\u00a0\u00bb4.9.0&Prime; _module_preset=\u00a0\u00bbdefault\u00a0\u00bb][et_pb_column type=\u00a0\u00bb4_4&Prime; _builder_version=\u00a0\u00bb4.9.0&Prime; _module_preset=\u00a0\u00bbdefault\u00a0\u00bb][et_pb_text _builder_version=\u00a0\u00bb4.9.0&Prime; _module_preset=\u00a0\u00bbdefault\u00a0\u00bb]<\/p>\n<p style=\"text-align: justify;\"><b>En quoi consiste votre appel \u00e0 projets pour d\u00e9velopper la recherche ?<\/b><\/p>\n<p style=\"text-align: justify;\"><span style=\"font-weight: 400;\">PP : Depuis que nous avons obtenu la reconnaissance d\u2019int\u00e9r\u00eat g\u00e9n\u00e9ral en 2014, les dons ont augment\u00e9 en quantit\u00e9 et en valeur. Gr\u00e2ce \u00e0 cela, nous avons progressivement mis en place des bourses pour financer la recherche. Ces derni\u00e8res ann\u00e9es, nous offrons deux bourses de 10 000\u20ac chacune. L&rsquo;appel \u00e0 projets demande aux chercheurs : \u00ab\u00a0Qu&rsquo;est-ce que vous faites pour mieux conna\u00eetre, comprendre et prendre en charge ces maladies ?\u00a0\u00bb Les candidats renseignent un document, et leurs r\u00e9ponses sont soumises \u00e0 des experts hors du territoire fran\u00e7ais &#8211; la plupart des candidats proviennent du r\u00e9seau RENAPE, donc nous demandons un avis ext\u00e9rieur. Ils valident la pertinence et l&rsquo;int\u00e9r\u00eat des travaux. En fonction, AMARAPE choisit le laur\u00e9at, qui sera invit\u00e9 \u00e0 pr\u00e9senter ses travaux et ses r\u00e9sultats \u00e0 l\u2019assembl\u00e9e g\u00e9n\u00e9rale.\u00a0<\/span><\/p>\n<p style=\"text-align: justify;\"><span style=\"font-weight: 400;\">LV : C&rsquo;est tr\u00e8s important de soutenir la recherche. Il nous faut des projets, pour aller plus loin sur la g\u00e9n\u00e9tique de ces cancers. On cherche \u00e0 comprendre pourquoi la maladie r\u00e9cidive plus vite chez un patient que chez un autre, par exemple. Il y a encore des pistes \u00e0 fouiller. L&rsquo;association est utile pour amorcer des projets dans cette nouvelle \u00e8re. Les experts internationaux acceptent volontiers de nous aider parce qu&rsquo;ils savent que le r\u00e9seau est dynamique et que l&rsquo;association est derri\u00e8re. L&rsquo;appel \u00e0 projets permet de faire des recherches soutenues par une association, donc ancr\u00e9es dans les probl\u00e9matiques des patients, pour apporter de vraies solutions. \u00c7a fait le lien entre les experts et les patients, on garde un pied dans la r\u00e9alit\u00e9.\u00a0<\/span><\/p>\n<p style=\"text-align: justify;\"><span style=\"font-weight: 400;\">\u00a0<\/span><\/p>\n<p style=\"text-align: justify;\"><b>Sur vos sites, il est indiqu\u00e9 : \u00ab\u00a0AMARAPE et RENAPE travaillent ensemble pour faire conna\u00eetre et reconna\u00eetre les maladies rares du p\u00e9ritoine\u00a0\u00bb, qu&rsquo;entendez-vous par \u00ab\u00a0faire conna\u00eetre et reconna\u00eetre\u00a0\u00bb ?<\/b><\/p>\n<p style=\"text-align: justify;\"><span style=\"font-weight: 400;\">LV : Comme le disait Mme Pichon, des cancers rares, il y en a plein. Les patients souffrent d&rsquo;\u00eatre isol\u00e9s. On souhaite les faire conna\u00eetre aupr\u00e8s du grand public, que les gens sachent \u00e0 qui s&rsquo;adresser pour une prise en charge correcte. On souhaite aussi une reconnaissance aupr\u00e8s des tutelles et des instances. Rien ne se fait sans moyens. On a besoin de moyens pour faire perdurer le r\u00e9seau, et montrer que ces cancers existent. On a mis en place de premi\u00e8res actions qu&rsquo;il faut am\u00e9liorer.<\/span><\/p>\n<p style=\"text-align: justify;\"><span style=\"font-weight: 400;\">PP : Faire conna\u00eetre, c&rsquo;est parler, \u00eatre pr\u00e9sent dans les lieux et les instances en lien avec les maladies. On cr\u00e9e plusieurs portes d&rsquo;entr\u00e9es. On participe \u00e0 des actions conjointes avec l&rsquo;Alliance maladies rares, \u00e0 des congr\u00e8s scientifiques. On b\u00e9n\u00e9ficie de la reconnaissance de la HAS pour amener le point de vue du patient, et \u00eatre une association constitu\u00e9e. On veut rendre l&rsquo;information accessible et aujourd&rsquo;hui \u00e7a passe par Internet &#8211; on est d&rsquo;ailleurs en train de refaire notre site.\u00a0<\/span><\/p>\n<p style=\"text-align: justify;\"><span style=\"font-weight: 400;\">LV : Si l\u2019on vous parle tous les deux aujourd&rsquo;hui, c&rsquo;est pour faire davantage conna\u00eetre ce cancer, cette association. Par ricochet, ils seront plus reconnus, et cette action reproduite plusieurs fois va faire changer les choses.<\/span><\/p>\n<p>[\/et_pb_text][\/et_pb_column][\/et_pb_row][\/et_pb_section]<\/p>\n","protected":false},"excerpt":{"rendered":"<p>Les cancers du p\u00e9ritoine sont des maladies rares, peu connues du grand public et du monde m\u00e9dical. Confront\u00e9e au manque d\u2019information sur ces tumeurs, Patricia Pichon a co-cr\u00e9\u00e9 l\u2019association AMARAPE. A ses c\u00f4t\u00e9s, le r\u00e9seau RENAPE organise le traitement de ces maladies dans toute la France, sous la coordination de Laurent Villeneuve. Entretien crois\u00e9.Patricia Pichon, [&hellip;]<\/p>\n","protected":false},"author":20,"featured_media":1516,"comment_status":"closed","ping_status":"open","sticky":false,"template":"","format":"standard","meta":{"_et_pb_use_builder":"on","_et_pb_old_content":"","_et_gb_content_width":"","footnotes":""},"categories":[32],"tags":[49,51,66,65],"class_list":["post-1390","post","type-post","status-publish","format-standard","has-post-thumbnail","hentry","category-planete_crabe","tag-amarape","tag-association","tag-cancer-rare","tag-peritoine"],"_links":{"self":[{"href":"https:\/\/le-crabe.fr\/en\/wp-json\/wp\/v2\/posts\/1390","targetHints":{"allow":["GET"]}}],"collection":[{"href":"https:\/\/le-crabe.fr\/en\/wp-json\/wp\/v2\/posts"}],"about":[{"href":"https:\/\/le-crabe.fr\/en\/wp-json\/wp\/v2\/types\/post"}],"author":[{"embeddable":true,"href":"https:\/\/le-crabe.fr\/en\/wp-json\/wp\/v2\/users\/20"}],"replies":[{"embeddable":true,"href":"https:\/\/le-crabe.fr\/en\/wp-json\/wp\/v2\/comments?post=1390"}],"version-history":[{"count":8,"href":"https:\/\/le-crabe.fr\/en\/wp-json\/wp\/v2\/posts\/1390\/revisions"}],"predecessor-version":[{"id":1860,"href":"https:\/\/le-crabe.fr\/en\/wp-json\/wp\/v2\/posts\/1390\/revisions\/1860"}],"wp:featuredmedia":[{"embeddable":true,"href":"https:\/\/le-crabe.fr\/en\/wp-json\/wp\/v2\/media\/1516"}],"wp:attachment":[{"href":"https:\/\/le-crabe.fr\/en\/wp-json\/wp\/v2\/media?parent=1390"}],"wp:term":[{"taxonomy":"category","embeddable":true,"href":"https:\/\/le-crabe.fr\/en\/wp-json\/wp\/v2\/categories?post=1390"},{"taxonomy":"post_tag","embeddable":true,"href":"https:\/\/le-crabe.fr\/en\/wp-json\/wp\/v2\/tags?post=1390"}],"curies":[{"name":"wp","href":"https:\/\/api.w.org\/{rel}","templated":true}]}}